{"id":3397,"date":"2022-05-04T16:48:59","date_gmt":"2022-05-04T19:48:59","guid":{"rendered":"https:\/\/gm.adv.br\/?p=3397"},"modified":"2022-05-04T16:48:59","modified_gmt":"2022-05-04T19:48:59","slug":"exames-periodicos-no-servico-publico","status":"publish","type":"post","link":"https:\/\/www.gm.adv.br\/site\/2022\/05\/04\/exames-periodicos-no-servico-publico\/","title":{"rendered":"Exames peri\u00f3dicos no servi\u00e7o p\u00fablico."},"content":{"rendered":"<p><span style=\"font-weight: 400;\">\u00a0<\/span><\/p>\n<p><span style=\"font-weight: 400;\">\u00c9 cedi\u00e7o que aplicam-se \u00e0 Administra\u00e7\u00e3o P\u00fablica os preceitos das Normas Regulamentadoras \u2013 NR, relativas \u00e0 seguran\u00e7a e medicina de trabalho, na forma da Portaria 3.214\/78 do Minist\u00e9rio do Trabalho.\u00a0<\/span><\/p>\n<p>&nbsp;<\/p>\n<p><span style=\"font-weight: 400;\">As NR s\u00e3o um conjunto de regulamenta\u00e7\u00f5es desenvolvidas pelo Minist\u00e9rio do Trabalho no sentido de instruir os empregados e empregadores a respeito de precau\u00e7\u00f5es para evitar acidentes, promover a integridade f\u00edsica dos trabalhadores, bem como fixar pol\u00edticas de seguran\u00e7a e sa\u00fade do trabalho. Dentre referidos preceitos encontra-se a NR 07 \u2013 Programa de Controle M\u00e9dico de Sa\u00fade Ocupacional \u2013 PCMSO, cujo objetivo \u00e9 especificamente a promo\u00e7\u00e3o e preserva\u00e7\u00e3o da sa\u00fade dos trabalhadores, de forma a apontar riscos nas atividades desenvolvidas, fixando diretrizes e par\u00e2metros m\u00ednimos a serem observados.<\/span><\/p>\n<p>&nbsp;<\/p>\n<p><span style=\"font-weight: 400;\">No \u00e2mbito das pol\u00edticas de prote\u00e7\u00e3o da sa\u00fade dos trabalhadores, inclu\u00eddos os servidores p\u00fablicos, h\u00e1 responsabilidades expressas imputadas aos empregadores, como \u00e9 o caso da realiza\u00e7\u00e3o de exames m\u00e9dicos admissionais, peri\u00f3dicos, retorno ao trabalho, mudan\u00e7a de fun\u00e7\u00e3o e demissionais, mediante avalia\u00e7\u00e3o cl\u00ednica, abrangendo hist\u00f3rico ocupacional, exame f\u00edsico e mental, bem como quaisquer exames complementares considerados pertinentes. (NR 07, 7.4.1 e 7.4.2)<\/span><\/p>\n<p>&nbsp;<\/p>\n<p><span style=\"font-weight: 400;\">Quanto aos exames admissionais e demissionais n\u00e3o h\u00e1 controv\u00e9rsia, s\u00e3o os chamados Atestados de Sa\u00fade Ocupacional \u2013 ASO, emitidos quando da contrata\u00e7\u00e3o ou rescis\u00e3o contratual.O ASO de retorno ao trabalho ocorre quando o servidor ficou afastado de suas fun\u00e7\u00f5es por qualquer motivo, como \u00e9 o caso de aux\u00edlio-doen\u00e7a, sendo necess\u00e1rio exame tamb\u00e9m em caso de troca de fun\u00e7\u00f5es.<\/span><\/p>\n<p>&nbsp;<\/p>\n<p><span style=\"font-weight: 400;\">Os exames per\u00edodos, especificamente, devem ser realizados no m\u00e1ximo a cada dois anos, no sentido de avaliar as condi\u00e7\u00f5es do servidor e eventual preju\u00edzo \u00e0 sua sa\u00fade em decorr\u00eancia das atividades exercidas.<\/span><\/p>\n<p>&nbsp;<\/p>\n<p><span style=\"font-weight: 400;\">O prazo dos exames poder\u00e1 ser menor de acordo com as fun\u00e7\u00f5es exercidas pelo servidor que apresentam riscos espec\u00edficos, delimitados pela pr\u00f3pria NR 07, como exposi\u00e7\u00e3o a agentes biol\u00f3gicos ou qu\u00edmicos, por exemplo.<\/span><\/p>\n<p>&nbsp;<\/p>\n<p><span style=\"font-weight: 400;\">Contudo, \u00e9 de conhecimento not\u00f3rio, que muitas entidades n\u00e3o realizam referidos exames na periodicidade exigida, o que causa severo preju\u00edzo aos servidores, que adoecem e se machucam exercendo fun\u00e7\u00f5es em condi\u00e7\u00f5es que poderiam ter sido evitadas ou mitigadas por interm\u00e9dio de avalia\u00e7\u00f5es regulares e a\u00e7\u00f5es efetivas no sentido de elidir os riscos ocupacionais.<\/span><\/p>\n<p>&nbsp;<\/p>\n<p><span style=\"font-weight: 400;\">Atenta-se que compete ao empregador custear sem \u00f4nus ao empregado todos os procedimentos relacionados ao PCMSO, seja os exames f\u00edsicos propriamente ditos, ou mesmo complementares necess\u00e1rios a aferi\u00e7\u00e3o das adequadas condi\u00e7\u00f5es f\u00edsicas dos trabalhadores, como \u00e9 o caso de exames de imagem (raio-x, tomografias, etc) para aferir exist\u00eancia de problemas ortop\u00e9dicos e osteomusculares, ou at\u00e9 mesmo simples exame de audiometria, para verifica\u00e7\u00e3o de eventual Perda Auditiva Induzida por Ru\u00eddo \u2013 PAIR.<\/span><\/p>\n<p>&nbsp;<\/p>\n<p><span style=\"font-weight: 400;\">\u00c9 obriga\u00e7\u00e3o legal e responsabilidade da Administra\u00e7\u00e3o P\u00fablica a realiza\u00e7\u00e3o de exames peri\u00f3dicos de seus servidores, visando prevenir e elidir eventuais riscos ocupacionais, acidentes de trabalho e doen\u00e7as desenvolvidas no \u00e2mbito da presta\u00e7\u00e3o do servi\u00e7o, garantindo efetivamente um meio ambiente de trabalho sadio e seguro.<\/span><\/p>\n<p><b>Fonte:<\/b><span style=\"font-weight: 400;\"> Afonso Henrique Niemeyer Agnolin \u2013 OAB\/SC 39.161<\/span><\/p>\n<p><img loading=\"lazy\" decoding=\"async\" class=\"alignnone size-full wp-image-4192\" src=\"https:\/\/www.gm.adv.br\/site\/wp-content\/uploads\/2022\/08\/converse-agora-com-um-advogado-especialista.webp\" alt=\"\" width=\"750\" height=\"150\" \/><\/p>\n<p><span style=\"font-weight: 400;\">Este conte\u00fado foi produzido pelo Escrit\u00f3rio de Advocacia Guaresi e Mill\u00e9o Advogados Associados, h\u00e1 mais de 25 anos prestando servi\u00e7os em advocacia na cidade de Conc\u00f3rdia \u2013 SC e regi\u00e3o Oeste Catarinense. Continue acompanhando nosso <\/span><a href=\"https:\/\/gm.adv.br\/blog\/\"><span style=\"font-weight: 400;\">blog<\/span><\/a><span style=\"font-weight: 400;\"> para n\u00e3o perder mais nenhum conte\u00fado exclusivo.<\/span><\/p>\n","protected":false},"excerpt":{"rendered":"<p>\u00a0 \u00c9 cedi\u00e7o que aplicam-se \u00e0 Administra\u00e7\u00e3o P\u00fablica os preceitos das Normas Regulamentadoras \u2013 NR, relativas \u00e0 seguran\u00e7a e medicina de trabalho, na forma da Portaria 3.214\/78 do Minist\u00e9rio do Trabalho.\u00a0 &nbsp; As NR s\u00e3o um conjunto de regulamenta\u00e7\u00f5es desenvolvidas pelo Minist\u00e9rio do Trabalho no sentido de instruir os empregados e empregadores a respeito de [&#8230;]\n","protected":false},"author":1,"featured_media":3398,"comment_status":"closed","ping_status":"closed","sticky":false,"template":"","format":"standard","meta":{"footnotes":""},"categories":[71],"tags":[],"class_list":["post-3397","post","type-post","status-publish","format-standard","has-post-thumbnail","hentry","category-direitopublico"],"yoast_head":"<!-- This site is optimized with the Yoast SEO plugin v27.5 - https:\/\/yoast.com\/product\/yoast-seo-wordpress\/ -->\n<title>Exames peri\u00f3dicos no servi\u00e7o p\u00fablico. - Guaresi &amp; Mill\u00e9o Advogados Associados | Escrit\u00f3rio de Advocacia em Conc\u00f3rdia-SC | 30 Anos de Experi\u00eancia<\/title>\n<meta name=\"description\" content=\"\u00c9 obriga\u00e7\u00e3o legal e responsabilidade da Administra\u00e7\u00e3o P\u00fablica a realiza\u00e7\u00e3o de exames peri\u00f3dicos de seus servidores, visando prevenir e elidir eventuais riscos ocupacionais, acidentes de trabalho e doen\u00e7as desenvolvidas no \u00e2mbito da presta\u00e7\u00e3o do servi\u00e7o, garantindo efetivamente um meio ambiente de trabalho sadio e seguro.\" \/>\n<meta name=\"robots\" content=\"index, follow, max-snippet:-1, max-image-preview:large, max-video-preview:-1\" \/>\n<link rel=\"canonical\" href=\"https:\/\/www.gm.adv.br\/site\/2022\/05\/04\/exames-periodicos-no-servico-publico\/\" \/>\n<meta property=\"og:locale\" content=\"pt_BR\" \/>\n<meta property=\"og:type\" content=\"article\" \/>\n<meta property=\"og:title\" content=\"Exames peri\u00f3dicos no servi\u00e7o p\u00fablico. - Guaresi &amp; Mill\u00e9o Advogados Associados | Escrit\u00f3rio de Advocacia em Conc\u00f3rdia-SC | 30 Anos de Experi\u00eancia\" \/>\n<meta property=\"og:description\" content=\"\u00c9 obriga\u00e7\u00e3o legal e responsabilidade da Administra\u00e7\u00e3o P\u00fablica a realiza\u00e7\u00e3o de exames peri\u00f3dicos de seus servidores, visando prevenir e elidir eventuais riscos ocupacionais, acidentes de trabalho e doen\u00e7as desenvolvidas no \u00e2mbito da presta\u00e7\u00e3o do servi\u00e7o, garantindo efetivamente um meio ambiente de trabalho sadio e seguro.\" \/>\n<meta property=\"og:url\" content=\"https:\/\/www.gm.adv.br\/site\/2022\/05\/04\/exames-periodicos-no-servico-publico\/\" \/>\n<meta property=\"og:site_name\" content=\"Guaresi &amp; Mill\u00e9o Advogados Associados | Escrit\u00f3rio de Advocacia em Conc\u00f3rdia-SC | 30 Anos de Experi\u00eancia\" \/>\n<meta property=\"article:publisher\" content=\"https:\/\/www.facebook.com\/GuaresiMilleoAdvogados\" \/>\n<meta property=\"article:published_time\" content=\"2022-05-04T19:48:59+00:00\" \/>\n<meta property=\"og:image\" content=\"https:\/\/www.gm.adv.br\/site\/wp-content\/uploads\/2022\/05\/Exames-periodicos-no-servico-publico-e1651693726233.jpg\" \/>\n\t<meta property=\"og:image:width\" content=\"400\" \/>\n\t<meta property=\"og:image:height\" content=\"280\" \/>\n\t<meta property=\"og:image:type\" content=\"image\/jpeg\" \/>\n<meta name=\"author\" content=\"admin\" \/>\n<meta name=\"twitter:card\" content=\"summary_large_image\" \/>\n<meta name=\"twitter:label1\" content=\"Escrito por\" \/>\n\t<meta name=\"twitter:data1\" content=\"admin\" \/>\n\t<meta name=\"twitter:label2\" content=\"Est. tempo de leitura\" \/>\n\t<meta name=\"twitter:data2\" content=\"4 minutos\" \/>\n<script type=\"application\/ld+json\" class=\"yoast-schema-graph\">{\"@context\":\"https:\\\/\\\/schema.org\",\"@graph\":[{\"@type\":\"Article\",\"@id\":\"https:\\\/\\\/www.gm.adv.br\\\/site\\\/2022\\\/05\\\/04\\\/exames-periodicos-no-servico-publico\\\/#article\",\"isPartOf\":{\"@id\":\"https:\\\/\\\/www.gm.adv.br\\\/site\\\/2022\\\/05\\\/04\\\/exames-periodicos-no-servico-publico\\\/\"},\"author\":{\"name\":\"admin\",\"@id\":\"https:\\\/\\\/www.gm.adv.br\\\/site\\\/#\\\/schema\\\/person\\\/7d633a2abab0d9b94253af6efc36428f\"},\"headline\":\"Exames peri\u00f3dicos no servi\u00e7o p\u00fablico.\",\"datePublished\":\"2022-05-04T19:48:59+00:00\",\"mainEntityOfPage\":{\"@id\":\"https:\\\/\\\/www.gm.adv.br\\\/site\\\/2022\\\/05\\\/04\\\/exames-periodicos-no-servico-publico\\\/\"},\"wordCount\":606,\"publisher\":{\"@id\":\"https:\\\/\\\/www.gm.adv.br\\\/site\\\/#organization\"},\"image\":{\"@id\":\"https:\\\/\\\/www.gm.adv.br\\\/site\\\/2022\\\/05\\\/04\\\/exames-periodicos-no-servico-publico\\\/#primaryimage\"},\"thumbnailUrl\":\"https:\\\/\\\/www.gm.adv.br\\\/site\\\/wp-content\\\/uploads\\\/2022\\\/05\\\/Exames-periodicos-no-servico-publico-e1651693726233.jpg\",\"articleSection\":[\"Direito P\u00fablico\"],\"inLanguage\":\"pt-BR\"},{\"@type\":\"WebPage\",\"@id\":\"https:\\\/\\\/www.gm.adv.br\\\/site\\\/2022\\\/05\\\/04\\\/exames-periodicos-no-servico-publico\\\/\",\"url\":\"https:\\\/\\\/www.gm.adv.br\\\/site\\\/2022\\\/05\\\/04\\\/exames-periodicos-no-servico-publico\\\/\",\"name\":\"Exames peri\u00f3dicos no servi\u00e7o p\u00fablico. - Guaresi &amp; Mill\u00e9o Advogados Associados | Escrit\u00f3rio de Advocacia em Conc\u00f3rdia-SC | 30 Anos de Experi\u00eancia\",\"isPartOf\":{\"@id\":\"https:\\\/\\\/www.gm.adv.br\\\/site\\\/#website\"},\"primaryImageOfPage\":{\"@id\":\"https:\\\/\\\/www.gm.adv.br\\\/site\\\/2022\\\/05\\\/04\\\/exames-periodicos-no-servico-publico\\\/#primaryimage\"},\"image\":{\"@id\":\"https:\\\/\\\/www.gm.adv.br\\\/site\\\/2022\\\/05\\\/04\\\/exames-periodicos-no-servico-publico\\\/#primaryimage\"},\"thumbnailUrl\":\"https:\\\/\\\/www.gm.adv.br\\\/site\\\/wp-content\\\/uploads\\\/2022\\\/05\\\/Exames-periodicos-no-servico-publico-e1651693726233.jpg\",\"datePublished\":\"2022-05-04T19:48:59+00:00\",\"description\":\"\u00c9 obriga\u00e7\u00e3o legal e responsabilidade da Administra\u00e7\u00e3o P\u00fablica a realiza\u00e7\u00e3o de exames peri\u00f3dicos de seus servidores, visando prevenir e elidir eventuais riscos ocupacionais, acidentes de trabalho e doen\u00e7as desenvolvidas no \u00e2mbito da presta\u00e7\u00e3o do servi\u00e7o, garantindo efetivamente um meio ambiente de trabalho sadio e seguro.\",\"breadcrumb\":{\"@id\":\"https:\\\/\\\/www.gm.adv.br\\\/site\\\/2022\\\/05\\\/04\\\/exames-periodicos-no-servico-publico\\\/#breadcrumb\"},\"inLanguage\":\"pt-BR\",\"potentialAction\":[{\"@type\":\"ReadAction\",\"target\":[\"https:\\\/\\\/www.gm.adv.br\\\/site\\\/2022\\\/05\\\/04\\\/exames-periodicos-no-servico-publico\\\/\"]}]},{\"@type\":\"ImageObject\",\"inLanguage\":\"pt-BR\",\"@id\":\"https:\\\/\\\/www.gm.adv.br\\\/site\\\/2022\\\/05\\\/04\\\/exames-periodicos-no-servico-publico\\\/#primaryimage\",\"url\":\"https:\\\/\\\/www.gm.adv.br\\\/site\\\/wp-content\\\/uploads\\\/2022\\\/05\\\/Exames-periodicos-no-servico-publico-e1651693726233.jpg\",\"contentUrl\":\"https:\\\/\\\/www.gm.adv.br\\\/site\\\/wp-content\\\/uploads\\\/2022\\\/05\\\/Exames-periodicos-no-servico-publico-e1651693726233.jpg\",\"width\":400,\"height\":280},{\"@type\":\"BreadcrumbList\",\"@id\":\"https:\\\/\\\/www.gm.adv.br\\\/site\\\/2022\\\/05\\\/04\\\/exames-periodicos-no-servico-publico\\\/#breadcrumb\",\"itemListElement\":[{\"@type\":\"ListItem\",\"position\":1,\"name\":\"In\u00edcio\",\"item\":\"https:\\\/\\\/www.gm.adv.br\\\/site\\\/\"},{\"@type\":\"ListItem\",\"position\":2,\"name\":\"Exames peri\u00f3dicos no servi\u00e7o p\u00fablico.\"}]},{\"@type\":\"WebSite\",\"@id\":\"https:\\\/\\\/www.gm.adv.br\\\/site\\\/#website\",\"url\":\"https:\\\/\\\/www.gm.adv.br\\\/site\\\/\",\"name\":\"Guaresi & Mill\u00e9o Advogados Associados | Escrit\u00f3rio de Advocacia em Conc\u00f3rdia-SC | 30 Anos de Experi\u00eanci\",\"description\":\"Advocacia Direito Banc\u00e1rio, Tribut\u00e1rio, Trabalhista, C\u00edvil, P\u00fablica, Municipal, Advogados Associados Guaresi e Mill\u00e9o  |  Conc\u00f3rdia SC\",\"publisher\":{\"@id\":\"https:\\\/\\\/www.gm.adv.br\\\/site\\\/#organization\"},\"alternateName\":\"Guaresi e Mill\u00e9o Escrit\u00f3rio de Advocacia e Consultoria em Conc\u00f3rdia-SC\",\"potentialAction\":[{\"@type\":\"SearchAction\",\"target\":{\"@type\":\"EntryPoint\",\"urlTemplate\":\"https:\\\/\\\/www.gm.adv.br\\\/site\\\/?s={search_term_string}\"},\"query-input\":{\"@type\":\"PropertyValueSpecification\",\"valueRequired\":true,\"valueName\":\"search_term_string\"}}],\"inLanguage\":\"pt-BR\"},{\"@type\":\"Organization\",\"@id\":\"https:\\\/\\\/www.gm.adv.br\\\/site\\\/#organization\",\"name\":\"Guaresi & Milleo Advogados Associados em Conc\u00f3rdia SC\",\"alternateName\":\"Guaresi e Milleo Advocacia e Consultoria\",\"url\":\"https:\\\/\\\/www.gm.adv.br\\\/site\\\/\",\"logo\":{\"@type\":\"ImageObject\",\"inLanguage\":\"pt-BR\",\"@id\":\"https:\\\/\\\/www.gm.adv.br\\\/site\\\/#\\\/schema\\\/logo\\\/image\\\/\",\"url\":\"https:\\\/\\\/www.gm.adv.br\\\/site\\\/wp-content\\\/uploads\\\/2025\\\/07\\\/cropped-icone-512.webp\",\"contentUrl\":\"https:\\\/\\\/www.gm.adv.br\\\/site\\\/wp-content\\\/uploads\\\/2025\\\/07\\\/cropped-icone-512.webp\",\"width\":512,\"height\":512,\"caption\":\"Guaresi & Milleo Advogados Associados em Conc\u00f3rdia SC\"},\"image\":{\"@id\":\"https:\\\/\\\/www.gm.adv.br\\\/site\\\/#\\\/schema\\\/logo\\\/image\\\/\"},\"sameAs\":[\"https:\\\/\\\/www.facebook.com\\\/GuaresiMilleoAdvogados\",\"https:\\\/\\\/www.instagram.com\\\/guaresiemilleo\\\/\",\"https:\\\/\\\/br.linkedin.com\\\/company\\\/guaresimilleo\"]},{\"@type\":\"Person\",\"@id\":\"https:\\\/\\\/www.gm.adv.br\\\/site\\\/#\\\/schema\\\/person\\\/7d633a2abab0d9b94253af6efc36428f\",\"name\":\"admin\",\"image\":{\"@type\":\"ImageObject\",\"inLanguage\":\"pt-BR\",\"@id\":\"https:\\\/\\\/secure.gravatar.com\\\/avatar\\\/c8bb173d280f7d1e50b67bb649de269247430499695ba3ee451b6289436d1d39?s=96&d=mm&r=g\",\"url\":\"https:\\\/\\\/secure.gravatar.com\\\/avatar\\\/c8bb173d280f7d1e50b67bb649de269247430499695ba3ee451b6289436d1d39?s=96&d=mm&r=g\",\"contentUrl\":\"https:\\\/\\\/secure.gravatar.com\\\/avatar\\\/c8bb173d280f7d1e50b67bb649de269247430499695ba3ee451b6289436d1d39?s=96&d=mm&r=g\",\"caption\":\"admin\"},\"sameAs\":[\"https:\\\/\\\/www.gm.adv.br\\\/site\"],\"url\":\"https:\\\/\\\/www.gm.adv.br\\\/site\\\/author\\\/admin\\\/\"}]}<\/script>\n<!-- \/ Yoast SEO plugin. -->","yoast_head_json":{"title":"Exames peri\u00f3dicos no servi\u00e7o p\u00fablico. - Guaresi &amp; Mill\u00e9o Advogados Associados | Escrit\u00f3rio de Advocacia em Conc\u00f3rdia-SC | 30 Anos de Experi\u00eancia","description":"\u00c9 obriga\u00e7\u00e3o legal e responsabilidade da Administra\u00e7\u00e3o P\u00fablica a realiza\u00e7\u00e3o de exames peri\u00f3dicos de seus servidores, visando prevenir e elidir eventuais riscos ocupacionais, acidentes de trabalho e doen\u00e7as desenvolvidas no \u00e2mbito da presta\u00e7\u00e3o do servi\u00e7o, garantindo efetivamente um meio ambiente de trabalho sadio e seguro.","robots":{"index":"index","follow":"follow","max-snippet":"max-snippet:-1","max-image-preview":"max-image-preview:large","max-video-preview":"max-video-preview:-1"},"canonical":"https:\/\/www.gm.adv.br\/site\/2022\/05\/04\/exames-periodicos-no-servico-publico\/","og_locale":"pt_BR","og_type":"article","og_title":"Exames peri\u00f3dicos no servi\u00e7o p\u00fablico. - Guaresi &amp; Mill\u00e9o Advogados Associados | Escrit\u00f3rio de Advocacia em Conc\u00f3rdia-SC | 30 Anos de Experi\u00eancia","og_description":"\u00c9 obriga\u00e7\u00e3o legal e responsabilidade da Administra\u00e7\u00e3o P\u00fablica a realiza\u00e7\u00e3o de exames peri\u00f3dicos de seus servidores, visando prevenir e elidir eventuais riscos ocupacionais, acidentes de trabalho e doen\u00e7as desenvolvidas no \u00e2mbito da presta\u00e7\u00e3o do servi\u00e7o, garantindo efetivamente um meio ambiente de trabalho sadio e seguro.","og_url":"https:\/\/www.gm.adv.br\/site\/2022\/05\/04\/exames-periodicos-no-servico-publico\/","og_site_name":"Guaresi &amp; Mill\u00e9o Advogados Associados | Escrit\u00f3rio de Advocacia em Conc\u00f3rdia-SC | 30 Anos de Experi\u00eancia","article_publisher":"https:\/\/www.facebook.com\/GuaresiMilleoAdvogados","article_published_time":"2022-05-04T19:48:59+00:00","og_image":[{"width":400,"height":280,"url":"https:\/\/www.gm.adv.br\/site\/wp-content\/uploads\/2022\/05\/Exames-periodicos-no-servico-publico-e1651693726233.jpg","type":"image\/jpeg"}],"author":"admin","twitter_card":"summary_large_image","twitter_misc":{"Escrito por":"admin","Est. tempo de leitura":"4 minutos"},"schema":{"@context":"https:\/\/schema.org","@graph":[{"@type":"Article","@id":"https:\/\/www.gm.adv.br\/site\/2022\/05\/04\/exames-periodicos-no-servico-publico\/#article","isPartOf":{"@id":"https:\/\/www.gm.adv.br\/site\/2022\/05\/04\/exames-periodicos-no-servico-publico\/"},"author":{"name":"admin","@id":"https:\/\/www.gm.adv.br\/site\/#\/schema\/person\/7d633a2abab0d9b94253af6efc36428f"},"headline":"Exames peri\u00f3dicos no servi\u00e7o p\u00fablico.","datePublished":"2022-05-04T19:48:59+00:00","mainEntityOfPage":{"@id":"https:\/\/www.gm.adv.br\/site\/2022\/05\/04\/exames-periodicos-no-servico-publico\/"},"wordCount":606,"publisher":{"@id":"https:\/\/www.gm.adv.br\/site\/#organization"},"image":{"@id":"https:\/\/www.gm.adv.br\/site\/2022\/05\/04\/exames-periodicos-no-servico-publico\/#primaryimage"},"thumbnailUrl":"https:\/\/www.gm.adv.br\/site\/wp-content\/uploads\/2022\/05\/Exames-periodicos-no-servico-publico-e1651693726233.jpg","articleSection":["Direito P\u00fablico"],"inLanguage":"pt-BR"},{"@type":"WebPage","@id":"https:\/\/www.gm.adv.br\/site\/2022\/05\/04\/exames-periodicos-no-servico-publico\/","url":"https:\/\/www.gm.adv.br\/site\/2022\/05\/04\/exames-periodicos-no-servico-publico\/","name":"Exames peri\u00f3dicos no servi\u00e7o p\u00fablico. - Guaresi &amp; Mill\u00e9o Advogados Associados | Escrit\u00f3rio de Advocacia em Conc\u00f3rdia-SC | 30 Anos de Experi\u00eancia","isPartOf":{"@id":"https:\/\/www.gm.adv.br\/site\/#website"},"primaryImageOfPage":{"@id":"https:\/\/www.gm.adv.br\/site\/2022\/05\/04\/exames-periodicos-no-servico-publico\/#primaryimage"},"image":{"@id":"https:\/\/www.gm.adv.br\/site\/2022\/05\/04\/exames-periodicos-no-servico-publico\/#primaryimage"},"thumbnailUrl":"https:\/\/www.gm.adv.br\/site\/wp-content\/uploads\/2022\/05\/Exames-periodicos-no-servico-publico-e1651693726233.jpg","datePublished":"2022-05-04T19:48:59+00:00","description":"\u00c9 obriga\u00e7\u00e3o legal e responsabilidade da Administra\u00e7\u00e3o P\u00fablica a realiza\u00e7\u00e3o de exames peri\u00f3dicos de seus servidores, visando prevenir e elidir eventuais riscos ocupacionais, acidentes de trabalho e doen\u00e7as desenvolvidas no \u00e2mbito da presta\u00e7\u00e3o do servi\u00e7o, garantindo efetivamente um meio ambiente de trabalho sadio e seguro.","breadcrumb":{"@id":"https:\/\/www.gm.adv.br\/site\/2022\/05\/04\/exames-periodicos-no-servico-publico\/#breadcrumb"},"inLanguage":"pt-BR","potentialAction":[{"@type":"ReadAction","target":["https:\/\/www.gm.adv.br\/site\/2022\/05\/04\/exames-periodicos-no-servico-publico\/"]}]},{"@type":"ImageObject","inLanguage":"pt-BR","@id":"https:\/\/www.gm.adv.br\/site\/2022\/05\/04\/exames-periodicos-no-servico-publico\/#primaryimage","url":"https:\/\/www.gm.adv.br\/site\/wp-content\/uploads\/2022\/05\/Exames-periodicos-no-servico-publico-e1651693726233.jpg","contentUrl":"https:\/\/www.gm.adv.br\/site\/wp-content\/uploads\/2022\/05\/Exames-periodicos-no-servico-publico-e1651693726233.jpg","width":400,"height":280},{"@type":"BreadcrumbList","@id":"https:\/\/www.gm.adv.br\/site\/2022\/05\/04\/exames-periodicos-no-servico-publico\/#breadcrumb","itemListElement":[{"@type":"ListItem","position":1,"name":"In\u00edcio","item":"https:\/\/www.gm.adv.br\/site\/"},{"@type":"ListItem","position":2,"name":"Exames peri\u00f3dicos no servi\u00e7o p\u00fablico."}]},{"@type":"WebSite","@id":"https:\/\/www.gm.adv.br\/site\/#website","url":"https:\/\/www.gm.adv.br\/site\/","name":"Guaresi & Mill\u00e9o Advogados Associados | Escrit\u00f3rio de Advocacia em Conc\u00f3rdia-SC | 30 Anos de Experi\u00eanci","description":"Advocacia Direito Banc\u00e1rio, Tribut\u00e1rio, Trabalhista, C\u00edvil, P\u00fablica, Municipal, Advogados Associados Guaresi e Mill\u00e9o  |  Conc\u00f3rdia SC","publisher":{"@id":"https:\/\/www.gm.adv.br\/site\/#organization"},"alternateName":"Guaresi e Mill\u00e9o Escrit\u00f3rio de Advocacia e Consultoria em Conc\u00f3rdia-SC","potentialAction":[{"@type":"SearchAction","target":{"@type":"EntryPoint","urlTemplate":"https:\/\/www.gm.adv.br\/site\/?s={search_term_string}"},"query-input":{"@type":"PropertyValueSpecification","valueRequired":true,"valueName":"search_term_string"}}],"inLanguage":"pt-BR"},{"@type":"Organization","@id":"https:\/\/www.gm.adv.br\/site\/#organization","name":"Guaresi & Milleo Advogados Associados em Conc\u00f3rdia SC","alternateName":"Guaresi e Milleo Advocacia e Consultoria","url":"https:\/\/www.gm.adv.br\/site\/","logo":{"@type":"ImageObject","inLanguage":"pt-BR","@id":"https:\/\/www.gm.adv.br\/site\/#\/schema\/logo\/image\/","url":"https:\/\/www.gm.adv.br\/site\/wp-content\/uploads\/2025\/07\/cropped-icone-512.webp","contentUrl":"https:\/\/www.gm.adv.br\/site\/wp-content\/uploads\/2025\/07\/cropped-icone-512.webp","width":512,"height":512,"caption":"Guaresi & Milleo Advogados Associados em Conc\u00f3rdia SC"},"image":{"@id":"https:\/\/www.gm.adv.br\/site\/#\/schema\/logo\/image\/"},"sameAs":["https:\/\/www.facebook.com\/GuaresiMilleoAdvogados","https:\/\/www.instagram.com\/guaresiemilleo\/","https:\/\/br.linkedin.com\/company\/guaresimilleo"]},{"@type":"Person","@id":"https:\/\/www.gm.adv.br\/site\/#\/schema\/person\/7d633a2abab0d9b94253af6efc36428f","name":"admin","image":{"@type":"ImageObject","inLanguage":"pt-BR","@id":"https:\/\/secure.gravatar.com\/avatar\/c8bb173d280f7d1e50b67bb649de269247430499695ba3ee451b6289436d1d39?s=96&d=mm&r=g","url":"https:\/\/secure.gravatar.com\/avatar\/c8bb173d280f7d1e50b67bb649de269247430499695ba3ee451b6289436d1d39?s=96&d=mm&r=g","contentUrl":"https:\/\/secure.gravatar.com\/avatar\/c8bb173d280f7d1e50b67bb649de269247430499695ba3ee451b6289436d1d39?s=96&d=mm&r=g","caption":"admin"},"sameAs":["https:\/\/www.gm.adv.br\/site"],"url":"https:\/\/www.gm.adv.br\/site\/author\/admin\/"}]}},"_links":{"self":[{"href":"https:\/\/www.gm.adv.br\/site\/wp-json\/wp\/v2\/posts\/3397","targetHints":{"allow":["GET"]}}],"collection":[{"href":"https:\/\/www.gm.adv.br\/site\/wp-json\/wp\/v2\/posts"}],"about":[{"href":"https:\/\/www.gm.adv.br\/site\/wp-json\/wp\/v2\/types\/post"}],"author":[{"embeddable":true,"href":"https:\/\/www.gm.adv.br\/site\/wp-json\/wp\/v2\/users\/1"}],"replies":[{"embeddable":true,"href":"https:\/\/www.gm.adv.br\/site\/wp-json\/wp\/v2\/comments?post=3397"}],"version-history":[{"count":0,"href":"https:\/\/www.gm.adv.br\/site\/wp-json\/wp\/v2\/posts\/3397\/revisions"}],"wp:featuredmedia":[{"embeddable":true,"href":"https:\/\/www.gm.adv.br\/site\/wp-json\/wp\/v2\/media\/3398"}],"wp:attachment":[{"href":"https:\/\/www.gm.adv.br\/site\/wp-json\/wp\/v2\/media?parent=3397"}],"wp:term":[{"taxonomy":"category","embeddable":true,"href":"https:\/\/www.gm.adv.br\/site\/wp-json\/wp\/v2\/categories?post=3397"},{"taxonomy":"post_tag","embeddable":true,"href":"https:\/\/www.gm.adv.br\/site\/wp-json\/wp\/v2\/tags?post=3397"}],"curies":[{"name":"wp","href":"https:\/\/api.w.org\/{rel}","templated":true}]}}