{"id":3388,"date":"2022-05-04T16:28:39","date_gmt":"2022-05-04T19:28:39","guid":{"rendered":"https:\/\/gm.adv.br\/?p=3388"},"modified":"2022-05-04T16:28:39","modified_gmt":"2022-05-04T19:28:39","slug":"descumprir-um-acordo-pode-gerar-indenizacao","status":"publish","type":"post","link":"https:\/\/www.gm.adv.br\/site\/2022\/05\/04\/descumprir-um-acordo-pode-gerar-indenizacao\/","title":{"rendered":"Descumprir um acordo pode gerar indeniza\u00e7\u00e3o?"},"content":{"rendered":"<p><span style=\"font-weight: 400;\">Lembra da express\u00e3o \u201cfio do bigode\u201d? Pois \u00e9, de longa data, palavra dada deve ser cumprida. Hoje em dia, por\u00e9m, com o grande n\u00famero de neg\u00f3cios e rela\u00e7\u00f5es comerciais de todos os tamanhos nos quais a sociedade se envolve, o \u201cbigode\u201d, \u00e0s vezes, n\u00e3o basta. Nos contratos em geral, escritos ou n\u00e3o, aos quais todos n\u00f3s nos submetemos em algum momento \u2013 compra e venda, loca\u00e7\u00e3o, emiss\u00e3o de cheques, etc -, n\u00e3o raras vezes h\u00e1 estipula\u00e7\u00e3o de multa pelo descumprimento por uma das partes, especialmente quando se trata do atraso no pagamento.<\/span><\/p>\n<p>&nbsp;<\/p>\n<p><span style=\"font-weight: 400;\">Mas algum outro abuso ou excesso eventualmente praticado, pode gerar tamb\u00e9m o dever de indenizar a v\u00edtima, que pode ser o contratante ou at\u00e9 mesmo um terceiro.Um exemplo bem simples: uma compra com o chamado \u201ccheque pr\u00e9-datado\u201d.\u00a0<\/span><\/p>\n<p>&nbsp;<\/p>\n<p><span style=\"font-weight: 400;\">O cheque, enquanto ordem de pagamento \u00e0 vista que \u00e9, ao chegar ao banco ser\u00e1 compensado e, se a conta n\u00e3o tiver saldo, haver\u00e1 toda a repercuss\u00e3o t\u00edpica (inscri\u00e7\u00e3o em CCF, SPC, encerramento da conta, etc).\u00a0<\/span><\/p>\n<p>&nbsp;<\/p>\n<p><span style=\"font-weight: 400;\">O banco n\u00e3o tem obriga\u00e7\u00e3o de respeitar a data \u201cp\u00f3s\u201d lan\u00e7ada no cantinho.Mas o comerciante que o aceitou em pagamento tem. E se envi\u00e1-lo ao banco antes do prazo ajustado e disso decorrerem danos, poder\u00e1 haver a obriga\u00e7\u00e3o de indenizar os danos que a v\u00edtima demonstrar desse ato serem decorrentes.<\/span><\/p>\n<p>&nbsp;<\/p>\n<p><span style=\"font-weight: 400;\">Assim acontece com o descumprimento de um prazo para a entrega de uma obra, a devolu\u00e7\u00e3o de um bem locado, um servi\u00e7o que demore mais que o prometido, um boleto enviado por erro para protesto e in\u00fameras outras situa\u00e7\u00f5es do cotidiano. O lesado pode reclamar o preju\u00edzo injustamente suportado, que poder\u00e1 ser meramente econ\u00f4mico ou de ordem moral.<\/span><\/p>\n<p>&nbsp;<\/p>\n<p><span style=\"font-weight: 400;\">Fique atento a suas obriga\u00e7\u00f5es e direitos.<\/span><\/p>\n<p>&nbsp;<\/p>\n<p><span style=\"font-weight: 400;\">Fonte: Patricia Salini \u2013 OAB\/SC 14.940,<\/span><\/p>\n<p><a href=\"https:\/\/api.whatsapp.com\/send?phone=+5549984376950&amp;text=Ol%C3%A1\"><img loading=\"lazy\" decoding=\"async\" class=\"alignnone wp-image-4192 size-full\" src=\"https:\/\/www.gm.adv.br\/site\/wp-content\/uploads\/2022\/08\/converse-agora-com-um-advogado-especialista.webp\" alt=\"\" width=\"750\" height=\"150\" \/><\/a><\/p>\n<div class=\"text\">\n<div id=\"textoFonte\" class=\"overflow\">\n<p><span class=\"selectable-text copyable-text\">Este conte\u00fado foi produzido pelo Escrit\u00f3rio de Advocacia Guaresi e Mill\u00e9o Advogados Associados, h\u00e1 mais de 25 anos prestando servi\u00e7os em advocacia na cidade de Conc\u00f3rdia \u2013 SC e regi\u00e3o Oeste Catarinense. Continue acompanhando nosso\u00a0<a href=\"https:\/\/gm.adv.br\/blog\/\">blog<\/a> para n\u00e3o perder mais nenhum conte\u00fado exclusivo.<\/span><\/p>\n<\/div>\n<\/div>\n","protected":false},"excerpt":{"rendered":"<p>Lembra da express\u00e3o \u201cfio do bigode\u201d? Pois \u00e9, de longa data, palavra dada deve ser cumprida. Hoje em dia, por\u00e9m, com o grande n\u00famero de neg\u00f3cios e rela\u00e7\u00f5es comerciais de todos os tamanhos nos quais a sociedade se envolve, o \u201cbigode\u201d, \u00e0s vezes, n\u00e3o basta. Nos contratos em geral, escritos ou n\u00e3o, aos quais todos [&#8230;]\n","protected":false},"author":1,"featured_media":0,"comment_status":"closed","ping_status":"closed","sticky":false,"template":"","format":"standard","meta":{"footnotes":""},"categories":[70],"tags":[],"class_list":["post-3388","post","type-post","status-publish","format-standard","hentry","category-responsabilidade-civil"],"yoast_head":"<!-- This site is optimized with the Yoast SEO plugin v27.5 - https:\/\/yoast.com\/product\/yoast-seo-wordpress\/ -->\n<title>Descumprir um acordo pode gerar indeniza\u00e7\u00e3o? - Guaresi &amp; Mill\u00e9o Advogados Associados | Escrit\u00f3rio de Advocacia em Conc\u00f3rdia-SC | 30 Anos de Experi\u00eancia<\/title>\n<meta name=\"description\" content=\"Lembra da express\u00e3o \u201cfio do bigode\u201d? Pois \u00e9, de longa data, palavra dada deve ser cumprida. Hoje em dia, por\u00e9m, com o grande n\u00famero de neg\u00f3cios e rela\u00e7\u00f5es comerciais de todos os tamanhos nos quais a sociedade se envolve, o \u201cbigode\u201d, \u00e0s vezes, n\u00e3o basta.\" \/>\n<meta name=\"robots\" content=\"index, follow, max-snippet:-1, max-image-preview:large, max-video-preview:-1\" \/>\n<link rel=\"canonical\" href=\"https:\/\/www.gm.adv.br\/site\/2022\/05\/04\/descumprir-um-acordo-pode-gerar-indenizacao\/\" \/>\n<meta property=\"og:locale\" content=\"pt_BR\" \/>\n<meta property=\"og:type\" content=\"article\" \/>\n<meta property=\"og:title\" content=\"Descumprir um acordo pode gerar indeniza\u00e7\u00e3o? - Guaresi &amp; Mill\u00e9o Advogados Associados | Escrit\u00f3rio de Advocacia em Conc\u00f3rdia-SC | 30 Anos de Experi\u00eancia\" \/>\n<meta property=\"og:description\" content=\"Lembra da express\u00e3o \u201cfio do bigode\u201d? Pois \u00e9, de longa data, palavra dada deve ser cumprida. Hoje em dia, por\u00e9m, com o grande n\u00famero de neg\u00f3cios e rela\u00e7\u00f5es comerciais de todos os tamanhos nos quais a sociedade se envolve, o \u201cbigode\u201d, \u00e0s vezes, n\u00e3o basta.\" \/>\n<meta property=\"og:url\" content=\"https:\/\/www.gm.adv.br\/site\/2022\/05\/04\/descumprir-um-acordo-pode-gerar-indenizacao\/\" \/>\n<meta property=\"og:site_name\" content=\"Guaresi &amp; Mill\u00e9o Advogados Associados | Escrit\u00f3rio de Advocacia em Conc\u00f3rdia-SC | 30 Anos de Experi\u00eancia\" \/>\n<meta property=\"article:publisher\" content=\"https:\/\/www.facebook.com\/GuaresiMilleoAdvogados\" \/>\n<meta property=\"article:published_time\" content=\"2022-05-04T19:28:39+00:00\" \/>\n<meta property=\"og:image\" content=\"https:\/\/www.gm.adv.br\/site\/wp-content\/uploads\/2022\/08\/converse-agora-com-um-advogado-especialista.webp\" \/>\n\t<meta property=\"og:image:width\" content=\"750\" \/>\n\t<meta property=\"og:image:height\" content=\"150\" \/>\n\t<meta property=\"og:image:type\" content=\"image\/webp\" \/>\n<meta name=\"author\" content=\"admin\" \/>\n<meta name=\"twitter:card\" content=\"summary_large_image\" \/>\n<meta name=\"twitter:label1\" content=\"Escrito por\" \/>\n\t<meta name=\"twitter:data1\" content=\"admin\" \/>\n\t<meta name=\"twitter:label2\" content=\"Est. tempo de leitura\" \/>\n\t<meta name=\"twitter:data2\" content=\"2 minutos\" \/>\n<script type=\"application\/ld+json\" class=\"yoast-schema-graph\">{\"@context\":\"https:\\\/\\\/schema.org\",\"@graph\":[{\"@type\":\"Article\",\"@id\":\"https:\\\/\\\/www.gm.adv.br\\\/site\\\/2022\\\/05\\\/04\\\/descumprir-um-acordo-pode-gerar-indenizacao\\\/#article\",\"isPartOf\":{\"@id\":\"https:\\\/\\\/www.gm.adv.br\\\/site\\\/2022\\\/05\\\/04\\\/descumprir-um-acordo-pode-gerar-indenizacao\\\/\"},\"author\":{\"name\":\"admin\",\"@id\":\"https:\\\/\\\/www.gm.adv.br\\\/site\\\/#\\\/schema\\\/person\\\/7d633a2abab0d9b94253af6efc36428f\"},\"headline\":\"Descumprir um acordo pode gerar indeniza\u00e7\u00e3o?\",\"datePublished\":\"2022-05-04T19:28:39+00:00\",\"mainEntityOfPage\":{\"@id\":\"https:\\\/\\\/www.gm.adv.br\\\/site\\\/2022\\\/05\\\/04\\\/descumprir-um-acordo-pode-gerar-indenizacao\\\/\"},\"wordCount\":378,\"publisher\":{\"@id\":\"https:\\\/\\\/www.gm.adv.br\\\/site\\\/#organization\"},\"image\":{\"@id\":\"https:\\\/\\\/www.gm.adv.br\\\/site\\\/2022\\\/05\\\/04\\\/descumprir-um-acordo-pode-gerar-indenizacao\\\/#primaryimage\"},\"thumbnailUrl\":\"https:\\\/\\\/www.gm.adv.br\\\/site\\\/wp-content\\\/uploads\\\/2022\\\/08\\\/converse-agora-com-um-advogado-especialista.webp\",\"articleSection\":[\"Responsabilidade Civil\"],\"inLanguage\":\"pt-BR\"},{\"@type\":\"WebPage\",\"@id\":\"https:\\\/\\\/www.gm.adv.br\\\/site\\\/2022\\\/05\\\/04\\\/descumprir-um-acordo-pode-gerar-indenizacao\\\/\",\"url\":\"https:\\\/\\\/www.gm.adv.br\\\/site\\\/2022\\\/05\\\/04\\\/descumprir-um-acordo-pode-gerar-indenizacao\\\/\",\"name\":\"Descumprir um acordo pode gerar indeniza\u00e7\u00e3o? - Guaresi &amp; Mill\u00e9o Advogados Associados | Escrit\u00f3rio de Advocacia em Conc\u00f3rdia-SC | 30 Anos de Experi\u00eancia\",\"isPartOf\":{\"@id\":\"https:\\\/\\\/www.gm.adv.br\\\/site\\\/#website\"},\"primaryImageOfPage\":{\"@id\":\"https:\\\/\\\/www.gm.adv.br\\\/site\\\/2022\\\/05\\\/04\\\/descumprir-um-acordo-pode-gerar-indenizacao\\\/#primaryimage\"},\"image\":{\"@id\":\"https:\\\/\\\/www.gm.adv.br\\\/site\\\/2022\\\/05\\\/04\\\/descumprir-um-acordo-pode-gerar-indenizacao\\\/#primaryimage\"},\"thumbnailUrl\":\"https:\\\/\\\/www.gm.adv.br\\\/site\\\/wp-content\\\/uploads\\\/2022\\\/08\\\/converse-agora-com-um-advogado-especialista.webp\",\"datePublished\":\"2022-05-04T19:28:39+00:00\",\"description\":\"Lembra da express\u00e3o \u201cfio do bigode\u201d? Pois \u00e9, de longa data, palavra dada deve ser cumprida. Hoje em dia, por\u00e9m, com o grande n\u00famero de neg\u00f3cios e rela\u00e7\u00f5es comerciais de todos os tamanhos nos quais a sociedade se envolve, o \u201cbigode\u201d, \u00e0s vezes, n\u00e3o basta.\",\"breadcrumb\":{\"@id\":\"https:\\\/\\\/www.gm.adv.br\\\/site\\\/2022\\\/05\\\/04\\\/descumprir-um-acordo-pode-gerar-indenizacao\\\/#breadcrumb\"},\"inLanguage\":\"pt-BR\",\"potentialAction\":[{\"@type\":\"ReadAction\",\"target\":[\"https:\\\/\\\/www.gm.adv.br\\\/site\\\/2022\\\/05\\\/04\\\/descumprir-um-acordo-pode-gerar-indenizacao\\\/\"]}]},{\"@type\":\"ImageObject\",\"inLanguage\":\"pt-BR\",\"@id\":\"https:\\\/\\\/www.gm.adv.br\\\/site\\\/2022\\\/05\\\/04\\\/descumprir-um-acordo-pode-gerar-indenizacao\\\/#primaryimage\",\"url\":\"https:\\\/\\\/www.gm.adv.br\\\/site\\\/wp-content\\\/uploads\\\/2022\\\/08\\\/converse-agora-com-um-advogado-especialista.webp\",\"contentUrl\":\"https:\\\/\\\/www.gm.adv.br\\\/site\\\/wp-content\\\/uploads\\\/2022\\\/08\\\/converse-agora-com-um-advogado-especialista.webp\",\"width\":750,\"height\":150},{\"@type\":\"BreadcrumbList\",\"@id\":\"https:\\\/\\\/www.gm.adv.br\\\/site\\\/2022\\\/05\\\/04\\\/descumprir-um-acordo-pode-gerar-indenizacao\\\/#breadcrumb\",\"itemListElement\":[{\"@type\":\"ListItem\",\"position\":1,\"name\":\"In\u00edcio\",\"item\":\"https:\\\/\\\/www.gm.adv.br\\\/site\\\/\"},{\"@type\":\"ListItem\",\"position\":2,\"name\":\"Descumprir um acordo pode gerar indeniza\u00e7\u00e3o?\"}]},{\"@type\":\"WebSite\",\"@id\":\"https:\\\/\\\/www.gm.adv.br\\\/site\\\/#website\",\"url\":\"https:\\\/\\\/www.gm.adv.br\\\/site\\\/\",\"name\":\"Guaresi & Mill\u00e9o Advogados Associados | Escrit\u00f3rio de Advocacia em Conc\u00f3rdia-SC | 30 Anos de Experi\u00eanci\",\"description\":\"Advocacia Direito Banc\u00e1rio, Tribut\u00e1rio, Trabalhista, C\u00edvil, P\u00fablica, Municipal, Advogados Associados Guaresi e Mill\u00e9o  |  Conc\u00f3rdia SC\",\"publisher\":{\"@id\":\"https:\\\/\\\/www.gm.adv.br\\\/site\\\/#organization\"},\"alternateName\":\"Guaresi e Mill\u00e9o Escrit\u00f3rio de Advocacia e Consultoria em Conc\u00f3rdia-SC\",\"potentialAction\":[{\"@type\":\"SearchAction\",\"target\":{\"@type\":\"EntryPoint\",\"urlTemplate\":\"https:\\\/\\\/www.gm.adv.br\\\/site\\\/?s={search_term_string}\"},\"query-input\":{\"@type\":\"PropertyValueSpecification\",\"valueRequired\":true,\"valueName\":\"search_term_string\"}}],\"inLanguage\":\"pt-BR\"},{\"@type\":\"Organization\",\"@id\":\"https:\\\/\\\/www.gm.adv.br\\\/site\\\/#organization\",\"name\":\"Guaresi & Milleo Advogados Associados em Conc\u00f3rdia SC\",\"alternateName\":\"Guaresi e Milleo Advocacia e Consultoria\",\"url\":\"https:\\\/\\\/www.gm.adv.br\\\/site\\\/\",\"logo\":{\"@type\":\"ImageObject\",\"inLanguage\":\"pt-BR\",\"@id\":\"https:\\\/\\\/www.gm.adv.br\\\/site\\\/#\\\/schema\\\/logo\\\/image\\\/\",\"url\":\"https:\\\/\\\/www.gm.adv.br\\\/site\\\/wp-content\\\/uploads\\\/2025\\\/07\\\/cropped-icone-512.webp\",\"contentUrl\":\"https:\\\/\\\/www.gm.adv.br\\\/site\\\/wp-content\\\/uploads\\\/2025\\\/07\\\/cropped-icone-512.webp\",\"width\":512,\"height\":512,\"caption\":\"Guaresi & Milleo Advogados Associados em Conc\u00f3rdia SC\"},\"image\":{\"@id\":\"https:\\\/\\\/www.gm.adv.br\\\/site\\\/#\\\/schema\\\/logo\\\/image\\\/\"},\"sameAs\":[\"https:\\\/\\\/www.facebook.com\\\/GuaresiMilleoAdvogados\",\"https:\\\/\\\/www.instagram.com\\\/guaresiemilleo\\\/\",\"https:\\\/\\\/br.linkedin.com\\\/company\\\/guaresimilleo\"]},{\"@type\":\"Person\",\"@id\":\"https:\\\/\\\/www.gm.adv.br\\\/site\\\/#\\\/schema\\\/person\\\/7d633a2abab0d9b94253af6efc36428f\",\"name\":\"admin\",\"image\":{\"@type\":\"ImageObject\",\"inLanguage\":\"pt-BR\",\"@id\":\"https:\\\/\\\/secure.gravatar.com\\\/avatar\\\/c8bb173d280f7d1e50b67bb649de269247430499695ba3ee451b6289436d1d39?s=96&d=mm&r=g\",\"url\":\"https:\\\/\\\/secure.gravatar.com\\\/avatar\\\/c8bb173d280f7d1e50b67bb649de269247430499695ba3ee451b6289436d1d39?s=96&d=mm&r=g\",\"contentUrl\":\"https:\\\/\\\/secure.gravatar.com\\\/avatar\\\/c8bb173d280f7d1e50b67bb649de269247430499695ba3ee451b6289436d1d39?s=96&d=mm&r=g\",\"caption\":\"admin\"},\"sameAs\":[\"https:\\\/\\\/www.gm.adv.br\\\/site\"],\"url\":\"https:\\\/\\\/www.gm.adv.br\\\/site\\\/author\\\/admin\\\/\"}]}<\/script>\n<!-- \/ Yoast SEO plugin. -->","yoast_head_json":{"title":"Descumprir um acordo pode gerar indeniza\u00e7\u00e3o? - Guaresi &amp; Mill\u00e9o Advogados Associados | Escrit\u00f3rio de Advocacia em Conc\u00f3rdia-SC | 30 Anos de Experi\u00eancia","description":"Lembra da express\u00e3o \u201cfio do bigode\u201d? Pois \u00e9, de longa data, palavra dada deve ser cumprida. Hoje em dia, por\u00e9m, com o grande n\u00famero de neg\u00f3cios e rela\u00e7\u00f5es comerciais de todos os tamanhos nos quais a sociedade se envolve, o \u201cbigode\u201d, \u00e0s vezes, n\u00e3o basta.","robots":{"index":"index","follow":"follow","max-snippet":"max-snippet:-1","max-image-preview":"max-image-preview:large","max-video-preview":"max-video-preview:-1"},"canonical":"https:\/\/www.gm.adv.br\/site\/2022\/05\/04\/descumprir-um-acordo-pode-gerar-indenizacao\/","og_locale":"pt_BR","og_type":"article","og_title":"Descumprir um acordo pode gerar indeniza\u00e7\u00e3o? - Guaresi &amp; Mill\u00e9o Advogados Associados | Escrit\u00f3rio de Advocacia em Conc\u00f3rdia-SC | 30 Anos de Experi\u00eancia","og_description":"Lembra da express\u00e3o \u201cfio do bigode\u201d? Pois \u00e9, de longa data, palavra dada deve ser cumprida. Hoje em dia, por\u00e9m, com o grande n\u00famero de neg\u00f3cios e rela\u00e7\u00f5es comerciais de todos os tamanhos nos quais a sociedade se envolve, o \u201cbigode\u201d, \u00e0s vezes, n\u00e3o basta.","og_url":"https:\/\/www.gm.adv.br\/site\/2022\/05\/04\/descumprir-um-acordo-pode-gerar-indenizacao\/","og_site_name":"Guaresi &amp; Mill\u00e9o Advogados Associados | Escrit\u00f3rio de Advocacia em Conc\u00f3rdia-SC | 30 Anos de Experi\u00eancia","article_publisher":"https:\/\/www.facebook.com\/GuaresiMilleoAdvogados","article_published_time":"2022-05-04T19:28:39+00:00","og_image":[{"width":750,"height":150,"url":"https:\/\/www.gm.adv.br\/site\/wp-content\/uploads\/2022\/08\/converse-agora-com-um-advogado-especialista.webp","type":"image\/webp"}],"author":"admin","twitter_card":"summary_large_image","twitter_misc":{"Escrito por":"admin","Est. tempo de leitura":"2 minutos"},"schema":{"@context":"https:\/\/schema.org","@graph":[{"@type":"Article","@id":"https:\/\/www.gm.adv.br\/site\/2022\/05\/04\/descumprir-um-acordo-pode-gerar-indenizacao\/#article","isPartOf":{"@id":"https:\/\/www.gm.adv.br\/site\/2022\/05\/04\/descumprir-um-acordo-pode-gerar-indenizacao\/"},"author":{"name":"admin","@id":"https:\/\/www.gm.adv.br\/site\/#\/schema\/person\/7d633a2abab0d9b94253af6efc36428f"},"headline":"Descumprir um acordo pode gerar indeniza\u00e7\u00e3o?","datePublished":"2022-05-04T19:28:39+00:00","mainEntityOfPage":{"@id":"https:\/\/www.gm.adv.br\/site\/2022\/05\/04\/descumprir-um-acordo-pode-gerar-indenizacao\/"},"wordCount":378,"publisher":{"@id":"https:\/\/www.gm.adv.br\/site\/#organization"},"image":{"@id":"https:\/\/www.gm.adv.br\/site\/2022\/05\/04\/descumprir-um-acordo-pode-gerar-indenizacao\/#primaryimage"},"thumbnailUrl":"https:\/\/www.gm.adv.br\/site\/wp-content\/uploads\/2022\/08\/converse-agora-com-um-advogado-especialista.webp","articleSection":["Responsabilidade Civil"],"inLanguage":"pt-BR"},{"@type":"WebPage","@id":"https:\/\/www.gm.adv.br\/site\/2022\/05\/04\/descumprir-um-acordo-pode-gerar-indenizacao\/","url":"https:\/\/www.gm.adv.br\/site\/2022\/05\/04\/descumprir-um-acordo-pode-gerar-indenizacao\/","name":"Descumprir um acordo pode gerar indeniza\u00e7\u00e3o? - Guaresi &amp; Mill\u00e9o Advogados Associados | Escrit\u00f3rio de Advocacia em Conc\u00f3rdia-SC | 30 Anos de Experi\u00eancia","isPartOf":{"@id":"https:\/\/www.gm.adv.br\/site\/#website"},"primaryImageOfPage":{"@id":"https:\/\/www.gm.adv.br\/site\/2022\/05\/04\/descumprir-um-acordo-pode-gerar-indenizacao\/#primaryimage"},"image":{"@id":"https:\/\/www.gm.adv.br\/site\/2022\/05\/04\/descumprir-um-acordo-pode-gerar-indenizacao\/#primaryimage"},"thumbnailUrl":"https:\/\/www.gm.adv.br\/site\/wp-content\/uploads\/2022\/08\/converse-agora-com-um-advogado-especialista.webp","datePublished":"2022-05-04T19:28:39+00:00","description":"Lembra da express\u00e3o \u201cfio do bigode\u201d? Pois \u00e9, de longa data, palavra dada deve ser cumprida. Hoje em dia, por\u00e9m, com o grande n\u00famero de neg\u00f3cios e rela\u00e7\u00f5es comerciais de todos os tamanhos nos quais a sociedade se envolve, o \u201cbigode\u201d, \u00e0s vezes, n\u00e3o basta.","breadcrumb":{"@id":"https:\/\/www.gm.adv.br\/site\/2022\/05\/04\/descumprir-um-acordo-pode-gerar-indenizacao\/#breadcrumb"},"inLanguage":"pt-BR","potentialAction":[{"@type":"ReadAction","target":["https:\/\/www.gm.adv.br\/site\/2022\/05\/04\/descumprir-um-acordo-pode-gerar-indenizacao\/"]}]},{"@type":"ImageObject","inLanguage":"pt-BR","@id":"https:\/\/www.gm.adv.br\/site\/2022\/05\/04\/descumprir-um-acordo-pode-gerar-indenizacao\/#primaryimage","url":"https:\/\/www.gm.adv.br\/site\/wp-content\/uploads\/2022\/08\/converse-agora-com-um-advogado-especialista.webp","contentUrl":"https:\/\/www.gm.adv.br\/site\/wp-content\/uploads\/2022\/08\/converse-agora-com-um-advogado-especialista.webp","width":750,"height":150},{"@type":"BreadcrumbList","@id":"https:\/\/www.gm.adv.br\/site\/2022\/05\/04\/descumprir-um-acordo-pode-gerar-indenizacao\/#breadcrumb","itemListElement":[{"@type":"ListItem","position":1,"name":"In\u00edcio","item":"https:\/\/www.gm.adv.br\/site\/"},{"@type":"ListItem","position":2,"name":"Descumprir um acordo pode gerar indeniza\u00e7\u00e3o?"}]},{"@type":"WebSite","@id":"https:\/\/www.gm.adv.br\/site\/#website","url":"https:\/\/www.gm.adv.br\/site\/","name":"Guaresi & Mill\u00e9o Advogados Associados | Escrit\u00f3rio de Advocacia em Conc\u00f3rdia-SC | 30 Anos de Experi\u00eanci","description":"Advocacia Direito Banc\u00e1rio, Tribut\u00e1rio, Trabalhista, C\u00edvil, P\u00fablica, Municipal, Advogados Associados Guaresi e Mill\u00e9o  |  Conc\u00f3rdia SC","publisher":{"@id":"https:\/\/www.gm.adv.br\/site\/#organization"},"alternateName":"Guaresi e Mill\u00e9o Escrit\u00f3rio de Advocacia e Consultoria em Conc\u00f3rdia-SC","potentialAction":[{"@type":"SearchAction","target":{"@type":"EntryPoint","urlTemplate":"https:\/\/www.gm.adv.br\/site\/?s={search_term_string}"},"query-input":{"@type":"PropertyValueSpecification","valueRequired":true,"valueName":"search_term_string"}}],"inLanguage":"pt-BR"},{"@type":"Organization","@id":"https:\/\/www.gm.adv.br\/site\/#organization","name":"Guaresi & Milleo Advogados Associados em Conc\u00f3rdia SC","alternateName":"Guaresi e Milleo Advocacia e Consultoria","url":"https:\/\/www.gm.adv.br\/site\/","logo":{"@type":"ImageObject","inLanguage":"pt-BR","@id":"https:\/\/www.gm.adv.br\/site\/#\/schema\/logo\/image\/","url":"https:\/\/www.gm.adv.br\/site\/wp-content\/uploads\/2025\/07\/cropped-icone-512.webp","contentUrl":"https:\/\/www.gm.adv.br\/site\/wp-content\/uploads\/2025\/07\/cropped-icone-512.webp","width":512,"height":512,"caption":"Guaresi & Milleo Advogados Associados em Conc\u00f3rdia SC"},"image":{"@id":"https:\/\/www.gm.adv.br\/site\/#\/schema\/logo\/image\/"},"sameAs":["https:\/\/www.facebook.com\/GuaresiMilleoAdvogados","https:\/\/www.instagram.com\/guaresiemilleo\/","https:\/\/br.linkedin.com\/company\/guaresimilleo"]},{"@type":"Person","@id":"https:\/\/www.gm.adv.br\/site\/#\/schema\/person\/7d633a2abab0d9b94253af6efc36428f","name":"admin","image":{"@type":"ImageObject","inLanguage":"pt-BR","@id":"https:\/\/secure.gravatar.com\/avatar\/c8bb173d280f7d1e50b67bb649de269247430499695ba3ee451b6289436d1d39?s=96&d=mm&r=g","url":"https:\/\/secure.gravatar.com\/avatar\/c8bb173d280f7d1e50b67bb649de269247430499695ba3ee451b6289436d1d39?s=96&d=mm&r=g","contentUrl":"https:\/\/secure.gravatar.com\/avatar\/c8bb173d280f7d1e50b67bb649de269247430499695ba3ee451b6289436d1d39?s=96&d=mm&r=g","caption":"admin"},"sameAs":["https:\/\/www.gm.adv.br\/site"],"url":"https:\/\/www.gm.adv.br\/site\/author\/admin\/"}]}},"_links":{"self":[{"href":"https:\/\/www.gm.adv.br\/site\/wp-json\/wp\/v2\/posts\/3388","targetHints":{"allow":["GET"]}}],"collection":[{"href":"https:\/\/www.gm.adv.br\/site\/wp-json\/wp\/v2\/posts"}],"about":[{"href":"https:\/\/www.gm.adv.br\/site\/wp-json\/wp\/v2\/types\/post"}],"author":[{"embeddable":true,"href":"https:\/\/www.gm.adv.br\/site\/wp-json\/wp\/v2\/users\/1"}],"replies":[{"embeddable":true,"href":"https:\/\/www.gm.adv.br\/site\/wp-json\/wp\/v2\/comments?post=3388"}],"version-history":[{"count":0,"href":"https:\/\/www.gm.adv.br\/site\/wp-json\/wp\/v2\/posts\/3388\/revisions"}],"wp:attachment":[{"href":"https:\/\/www.gm.adv.br\/site\/wp-json\/wp\/v2\/media?parent=3388"}],"wp:term":[{"taxonomy":"category","embeddable":true,"href":"https:\/\/www.gm.adv.br\/site\/wp-json\/wp\/v2\/categories?post=3388"},{"taxonomy":"post_tag","embeddable":true,"href":"https:\/\/www.gm.adv.br\/site\/wp-json\/wp\/v2\/tags?post=3388"}],"curies":[{"name":"wp","href":"https:\/\/api.w.org\/{rel}","templated":true}]}}